{"id":68,"date":"2008-04-24T03:56:57","date_gmt":"2008-04-24T02:56:57","guid":{"rendered":"http:\/\/blog.andresgomez.org\/2008\/04\/24\/viena\/"},"modified":"2008-04-24T03:56:57","modified_gmt":"2008-04-24T02:56:57","slug":"viena","status":"publish","type":"post","link":"https:\/\/blog.andresgomez.org\/es\/2008\/04\/24\/viena\/","title":{"rendered":"Viena!!!!"},"content":{"rendered":"<p>Como ya sabr\u00e9is por <a target=\"_blank\" href=\"http:\/\/blog.andresgomez.org\/2006\/10\/19\/quien-quiere-ser-millonario\/\">alguna de mis \u00faltimas entradas<\/a>, esto de los <a target=\"_blank\" href=\"http:\/\/elmairal.blogcindario.com\/2006\/06\/00151-guia-para-concursar-en-tv.html\">concursos de preguntas y respuestas<\/a> me gusta bastante y hago mis intentos por concursar en ellos \ud83d\ude42 . Esta \u00faltima vez la suerte me vino por sorpresa, y es que, gracias al casting que hab\u00eda realizado para <a target=\"_blank\" href=\"http:\/\/www.pasapalabra.telecinco.es\">Pasapalabra<\/a>, que por aquel entonces se emit\u00eda en <a href=\"http:\/\/www.antena3.com\">Antena3<\/a>, me llamaron para un casting de un programa nuevo que se iba a empezar a emitir en <a target=\"_blank\" href=\"http:\/\/www.rtve.es\/\">TVE<\/a>, La Lista. Por supuesto, acept\u00e9, y en muy buena compa\u00f1\u00eda me fui a Santiago a hacer el c\u00e1sting. En \u00e9l, aparte de una presentaci\u00f3n personal sobre gustos, aficiones, \u00e1mbitos de conocimiento (y desconocimiento), etc., se nos hac\u00eda responder a preguntas con respuesta en forma de listados, por parejas de desconocidos. A m\u00ed me toc\u00f3 una se\u00f1ora mayor muy dicharachera a la que probablemente tengo que darle las gracias de que posteriormente me llamaran para participar, pues me contagi\u00f3 su soltura al desenvolverse delante de la c\u00e1mara digital que nos estaba grabando y creo que fuimos bastante \u00abresultones\u00bb. Ah, si, las preguntas que nos hicieron, por cierto, fueron \u00abCapitales de pa\u00edses europeos\u00bb y \u00abEquipos de primera divisi\u00f3n\u00bb. Creo que no lo hicimos mal del todo, viendo el resultado ;).<\/p>\n<p>Nos dijeron que a partir de enero se empezar\u00edan a grabar los programas y que, si result\u00e1bamos escogidos, ser\u00eda por esas fechas cuando nos llamar\u00edan para concursar. Pues as\u00ed fue, un lunes de finales de enero, me llamaron para volar a Madrid ese mismo mi\u00e9rcoles y entrar a concursar al d\u00eda siguiente, as\u00ed que all\u00ed me encontraba yo, en el <a target=\"_blank\" href=\"http:\/\/www.foxa.com\/HHome.asp?Id=2\">Fox\u00e1 32<\/a> de Madrid, un buen hotel pero con un estilo de fin de siglo XVIII que no me iba nada, y sin casi pegar ojo en toda la noche.<\/p>\n<p>Al d\u00eda siguiente nos esperaba un taxi a la puerta del hotel. All\u00ed conoc\u00ed al primero del resto de concursantes que iban a grabar alg\u00fan programa ese mismo d\u00eda y, \u00e9l, el taxista y yo nos tiramos 30 minutos esperando por el tercer concursante que ten\u00eda que venir en el coche con nosotros, un ma\u00f1o, estudiante para polic\u00eda en Zaragoza que a la postre ser\u00eda mi compa\u00f1ero de concurso, Nacho Pardos. En su defensa tengo que decir que la recepci\u00f3n del hotel hab\u00eda quedado en avisarle cuando llegara el taxi y pasaron de todo mientras \u00e9l esperaba confiado en su habitaci\u00f3n.<\/p>\n<p>Una vez que llegamos a los estudios de TVE, los mismos donde se grabaron los programas de \u00abTengo una pregunta para Vd.\u00bb (el sitio estaba plagado de cartelitos), pasamos por el arco de seguridad y conocimos a la cuarta concursante de ese d\u00eda, Malou, una malague\u00f1a alt\u00edsima y rub\u00edsima con la que parec\u00eda, despu\u00e9s de hacer unas cuantas c\u00e1balas, que ser\u00eda mi compa\u00f1era de concurso.<\/p>\n<p>Nos llevaron a cada concursante a un camerino y nos dieron el t\u00edpico papeleo para leer y firmar; reglas del concurso y cesi\u00f3n de imagen. Al poco, al primer chico de los que ven\u00edan conmigo en el taxi se lo llevaron a peluquer\u00eda y maquillaje y, poco despu\u00e9s, reaparec\u00eda junto con su compa\u00f1era, una latinoamericana con m\u00e1s curvas que la carretera de Ronda, y con el director del programa, que nos condujo a una sala en la que nos sentamos c\u00f3modamente y nos dio una peque\u00f1a charla introductoria para que nos relajaramos y nos familizaramos con el concurso. En la sala est\u00e1bamos 5 concursantes, as\u00ed que nos faltaba uno que a\u00fan estaba por llegar.<\/p>\n<p>Una vez terminada la charla, los dos primeros concursantes se marcharon al plat\u00f3 y el resto que qued\u00e1bamos nos pusimos la primera muda y fuimos siendo llevados a maquillaje y peluquer\u00eda para \u00abponernos guapos\u00bb. Y lo entrecomillo porque lo que me hicieron en el pelo deber\u00eda ser catalogado como delito \ud83d\ude09<\/p>\n<p>Despu\u00e9s del maquillaje volvimos a los camerinos y, mordi\u00e9ndonos las u\u00f1as, Malou y yo estuvimos haciendo c\u00e1balas sobre quien concursar\u00eda con qui\u00e9n, etc. Ella me cont\u00f3 que ya hab\u00eda ido a concursar anteriormente pero que hab\u00edan grabado los programas piloto que al final no se emitieron y por eso la hab\u00edan vuelto a llamar.<\/p>\n<p>Al poco lleg\u00f3 otro chico de Zaragoza y ya me qued\u00f3 claro que no ser\u00eda con Malou con quien participar\u00eda, puesto que no iban a poner a los 2 ma\u00f1os juntos. Nos los repartir\u00edamos ella y yo.<\/p>\n<p>Pasados unos minutos, nos llamaron para ir al plat\u00f3 a Nacho y a m\u00ed, y, mientras nos pon\u00edan los micr\u00f3fonos, asistimos al final de la primera grabaci\u00f3n en la que los dos nuevos concursantes ganarons 2500 EUR al contestar las 6 primeras respuestas de la lista final de \u00abpichichis de primera divisi\u00f3n\u00bb. Nacho, que ya iba viendo yo que era uno de los mejores compa\u00f1eros que me pod\u00eda haber tocado, un t\u00edo inquieto, con mucha energ\u00eda y de f\u00e1cil euforia con el que me acabar\u00eda compenetrando muy bien, se mord\u00eda los dedos porque sab\u00eda que esa lista estaba hecha a medida para \u00e9l.<\/p>\n<p>Una vez que termin\u00f3 la primera grabaci\u00f3n, los dos ganadores volvieron r\u00e1pidamente a camerinos para cambiarse de ropa mientras que a Nacho y a mi nos explicaban las fases del concurso, como colocarnos ante la c\u00e1mara y en qu\u00e9 posiciones concretas del plat\u00f3, como entrar en las cabinas insonorizadas y como comportarnos dentro, etc.<\/p>\n<p>Cuando volvieron los campeones, se comenz\u00f3 la grabaci\u00f3n del <a target=\"_blank\" href=\"http:\/\/www.youtube.com\/view_play_list?p=8524235452DF9DC2\">primer programa<\/a> en el que participamos Nacho y yo. Este no lo pude grabar y, por lo tanto, no lo he podido subir a Youtube (el enlace va a una lista vac\u00eda), as\u00ed que lo resumo r\u00e1pidamente diciendo que la primera lista la resolvimos nosotros, diciendo del \u00f3rden de 20 gentilicios de Europa (del tir\u00f3n \ud83d\ude09 ) y la segunda se la cedimos a los entonces campeones para que dijeran 6 peliculas protagonizadas por George Clooney, fallando en la \u00faltima de las respuestas necesarias. Por tanto, 2-0 y Nacho y el menda para la lista final, en la que nos tocaron \u00abSin\u00f3nimos aceptados por la <a target=\"_blank\" href=\"http:\/\/www.rae.es\">RAE<\/a> de la palabra <a target=\"_blank\" href=\"http:\/\/buscon.rae.es\/draeI\/SrvltConsulta?TIPO_BUS=3&#038;LEMA=liquidar\">liquidar<\/a>\u00ab. No se me va a olvidar la palabrita. Dijimos 5 y, el 6\u00ba, \u00abfinalizar\u00bb, aunque aceptado por el Mar\u00eda Moliner, no lo est\u00e1 por la RAE, as\u00ed que adi\u00f3s a ganar un solo Euro. Al menos, volver\u00edamos a concursar \ud83d\ude42 .<\/p>\n<p>Si alguien tiene grabado este primer programa, le estar\u00eda muy agradecido si pudiera pas\u00e1rmelo para poder copiarlo.<\/p>\n<p>Una vez terminado el primer programa, un poco defraudados, pero con ganas de seguir concursando, nos fuimos a los camerinos para hacer la muda de ropa y grabar el <a target=\"_blank\" href=\"http:\/\/www.youtube.com\/view_play_list?p=E7D3764D53B1677F\">segundo programa<\/a>, que ya no necesito resumir \ud83d\ude09<\/p>\n<p>Cuando terminamos este programa, las dos personas del equipo del programa que se hac\u00edan cargo de nosotros, y a los que tengo que agradecerles mucho su dedicaci\u00f3n, pues nos estuvieron animando en todo momento, nos acompa\u00f1aron a comer a la cantina de TVE y nos contaron un poco sobre la vida en la tele. Despu\u00e9s de la comida nos volvimos al hotel.<\/p>\n<p>Cada uno se fue a su habitaci\u00f3n y yo, tras descansar un rato viendo la tele, me fui a dar una vuelta por Madrid mientras hac\u00eda tiempo para ir a tomar caf\u00e9 con una vieja amiga que finalmente me dio plant\u00f3n, as\u00ed que ech\u00e9 mano de mi \u00abcu\u00f1ado\u00bb, tras terminar sus clases de ingl\u00e9s, y nos fuimos a la bolera de Chamart\u00edn en la que me peg\u00f3 una paliza como no recuerdo, destrozando su record personal de puntuaci\u00f3n (ah\u00ed, ah\u00ed, subiendo la moral \ud83d\ude09 ).<\/p>\n<p>M\u00e1s tarde nos reunimos con mi hermana Laura que hab\u00eda regresado de dar clases en la E.O.I., y nos fuimos los tres a comer en un restaurante chino de comida m\u00e1s elaborada que los normales, cercano a la Plaza de Castilla, a cuenta de mi querida hermana \ud83d\ude09 . Despu\u00e9s me desped\u00ed de ellos y me fui a dormir, esta vez s\u00ed, algo m\u00e1s.<\/p>\n<p>Al d\u00eda siguiente cog\u00eda el taxi que me llevar\u00eda a los estudios con Federico L\u00f3pez y Miguel Madrigal, dos concursantes rivales, puesto que Nacho ya hab\u00eda ido antes en un taxi m\u00e1s madrugador. Federico, durante todo el viajer me ir\u00eda \u00abaleccionando\u00bb (??) sobre el concurso, puesto que \u00e9l ya hab\u00eda participado antes, igual que Malou, en 4 de los programas piloto.<\/p>\n<p>En los estudios repetimos el mismo ritual que el d\u00eda anterior, con la salvedad de la charla del director, ya que no hac\u00eda falta que nos la volvieran a repetir. Eso s\u00ed, el delito de mi peinado lo volvieron a perpetrar sin ning\u00fan pudor \ud83d\ude41<\/p>\n<p>Durante los momentos antes de la grabaci\u00f3n, Federico, que concursaba con M\u00f3nica Heredia, una chica de m\u00e1laga que ya hab\u00edamos conocido en los camerinos y que me hab\u00eda dado muy buena impresi\u00f3n tras contarnos su anterior participaci\u00f3n con Federico, no par\u00f3 un s\u00f3lo instante quieto. Los asistentens del concuros estaban tan desquiciados con \u00e9l, puesto que cada 2 minutos lo hab\u00edan perdido porque se hab\u00eda ido a esconder detr\u00e1s de cualquier decorado para fumar, que incluso una de ellas me lleg\u00f3 a pedir en broma que le elimin\u00e1ramos a cambio de una invitaci\u00f3n para tomar un caf\u00e9 \ud83d\ude42 . A\u00fan no lo he cobrado \ud83d\ude00 , as\u00ed que aqu\u00ed ten\u00e9is el <a target=\"_blank\" href=\"http:\/\/www.youtube.com\/view_play_list?p=6187D96898C78458\">tercer programa<\/a>.<\/p>\n<p>Despu\u00e9s de la grabaci\u00f3n nos volvimos a camerinos para hacer de nuevo el cambio de ropa, y Nacho, tras comprobar que su camisa a rayas hac\u00eda Moir\u00e9 en la c\u00e1mara, se pon\u00eda una de mis camisetas para volver de nuevo a grabar el <a target=\"_blank\" href=\"http:\/\/www.youtube.com\/view_play_list?p=A0FA905E9B90F43A\">cuarto y \u00faltimo programa<\/a> en el que Miguel Madrigal y Javier Mart\u00ednez nos quitaron la corona de campeones.<\/p>\n<p>M\u00e1s contento que unas pascuas me desped\u00ed de Nacho, que se volv\u00eda a Zaragoza cogiendo el AVE en Atocha y me dirig\u00ed junto con Javi, con el que acab\u00e9 haciendo buenas migas, a Barajas, para volar de vuelta a Coru\u00f1a.<\/p>\n<p>Como an\u00e9cdotas posteriores tengo que decir que, seg\u00fan llegu\u00e9 a Coru\u00f1a compr\u00e9 3 botellitas de cava con las que celebrar el dinero ganado y sobre el que hablar\u00e9 c\u00f3mo lo invert\u00ed en una futura entrada, y me dirig\u00ed a la \u00abcena de Navidad\u00bb de la empresa en las oficinas de A Grela.<\/p>\n<p>Por cierto que, el viernes s\u00f3lo grabamos 2 programas porque eran los \u00faltimos de la temporada y Javier y Miguel no sab\u00edan si volver\u00edan a concursar ya que la renovaci\u00f3n del programa con TVE estaba en el aire. Al final <a target=\"_blank\" href=\"http:\/\/www.youtube.com\/view_play_list?p=04AAC2FB5BB23365\">si lo hicieron<\/a>, pero casi volvemos Nacho y yo porque la organizaci\u00f3n del programa se arm\u00f3 un l\u00edo y nos llam\u00f3 para que fueramos de nuevo, arreglando el embrollo en la tarde del d\u00eda anterior al vuelo que ten\u00eda que tomar hacia Madrid \ud83d\ude42<\/p>\n<p>P.D.: Tengo que agradecer a <a target=\"_blank\" href=\"http:\/\/blogs.igalia.com\/chema\/\">Chema<\/a> que grabara los programas con su tarjeta HDTV y me los pasara, adem\u00e1s de haberme aguantado durante todo el tiempo que le estuve dando la chapa para que me los copiara. Gracias Chema \ud83d\ude42<\/p>\n<p>P.P.D.: Si a\u00fan os est\u00e1is preguntando por el t\u00edtulo de la entrada, es que no hab\u00e9is visto a\u00fan el segundo programa \ud83d\ude00<\/p>\n<p>P.P.P.D.: Es que una entrada as\u00ed de larga, se merece 3 postdatas. Gracias por aguantar el pe\u00f1azo hasta aqu\u00ed \ud83d\ude09<\/p>\n","protected":false},"excerpt":{"rendered":"<p>Como ya sabr\u00e9is por alguna de mis \u00faltimas entradas, esto de los concursos de preguntas y respuestas me gusta bastante y hago mis intentos por concursar en ellos \ud83d\ude42 . Esta \u00faltima vez la suerte me vino por sorpresa, y &hellip; <a href=\"https:\/\/blog.andresgomez.org\/es\/2008\/04\/24\/viena\/\">Sigue leyendo <span class=\"meta-nav\">&rarr;<\/span><\/a><\/p>\n","protected":false},"author":1,"featured_media":0,"comment_status":"open","ping_status":"open","sticky":false,"template":"","format":"standard","meta":{"footnotes":""},"categories":[5,7],"tags":[],"class_list":["post-68","post","type-post","status-publish","format-standard","hentry","category-espanol","category-general"],"_links":{"self":[{"href":"https:\/\/blog.andresgomez.org\/es\/wp-json\/wp\/v2\/posts\/68"}],"collection":[{"href":"https:\/\/blog.andresgomez.org\/es\/wp-json\/wp\/v2\/posts"}],"about":[{"href":"https:\/\/blog.andresgomez.org\/es\/wp-json\/wp\/v2\/types\/post"}],"author":[{"embeddable":true,"href":"https:\/\/blog.andresgomez.org\/es\/wp-json\/wp\/v2\/users\/1"}],"replies":[{"embeddable":true,"href":"https:\/\/blog.andresgomez.org\/es\/wp-json\/wp\/v2\/comments?post=68"}],"version-history":[{"count":0,"href":"https:\/\/blog.andresgomez.org\/es\/wp-json\/wp\/v2\/posts\/68\/revisions"}],"wp:attachment":[{"href":"https:\/\/blog.andresgomez.org\/es\/wp-json\/wp\/v2\/media?parent=68"}],"wp:term":[{"taxonomy":"category","embeddable":true,"href":"https:\/\/blog.andresgomez.org\/es\/wp-json\/wp\/v2\/categories?post=68"},{"taxonomy":"post_tag","embeddable":true,"href":"https:\/\/blog.andresgomez.org\/es\/wp-json\/wp\/v2\/tags?post=68"}],"curies":[{"name":"wp","href":"https:\/\/api.w.org\/{rel}","templated":true}]}}