{"id":70,"date":"2008-06-19T11:41:15","date_gmt":"2008-06-19T10:41:15","guid":{"rendered":"http:\/\/blog.andresgomez.org\/2008\/06\/19\/a-coruna-proposed-to-hold-guadec-and-akademy-2009\/"},"modified":"2011-08-09T09:34:53","modified_gmt":"2011-08-09T08:34:53","slug":"a-coruna-proposed-to-hold-guadec-and-akademy-2009","status":"publish","type":"post","link":"https:\/\/blog.andresgomez.org\/es\/2008\/06\/19\/a-coruna-proposed-to-hold-guadec-and-akademy-2009\/","title":{"rendered":"A Coru\u00f1a proposed to hold GUADEC and aKademy 2009"},"content":{"rendered":"<p>As this will be my first post at planet GNOME, first I would like to thank <a target=\"_blank\" href=\"http:\/\/perkypants.org\/\">Jeff<\/a> for giving me a place between all of you, and I will introduce briefly myself.<\/p>\n<p>My name is Andres Gomez, I&#8217;ve been using free software for 8 years, and I\u2019m a free software developer since 2003, when I joined <a target=\"_blank\" href=\"http:\/\/www.igalia.com\/\">Igalia<\/a>. As most of my mates, I contributed to project <a target=\"_blank\" href=\"http:\/\/www.fisterra.org\/\">Fisterra<\/a>, a free software framework for developing enterprise applications, and I&#8217;ve been lately involved in some projects related to <a target=\"_blank\" href=\"http:\/\/maemo.org\/\">Maemo<\/a> technologies.<\/p>\n<p>Now the interesting part of the post \ud83d\ude09<\/p>\n<p>As my mate <a target=\"_blank\" href=\"http:\/\/blogs.igalia.com\/chema\">Chema<\/a> has published recently in his <a target=\"_blank\" href=\"http:\/\/blogs.igalia.com\/chema\/?p=54\">blog<\/a>, people from  <a target=\"_blank\" href=\"http:\/\/www.gpul.org\/\">GPUL<\/a>, <a target=\"_blank\" href=\"http:\/\/www.igalia.com\/\">Igalia<\/a> and <a target=\"_blank\" href=\"http:\/\/www.udc.es\/\">University of A Coru\u00f1a<\/a> have presented a proposal to co-host <a target=\"_blank\" href=\"http:\/\/www.guadec.org\/\">GUADEC<\/a> and <a target=\"_blank\" href=\"http:\/\/akademy.kde.org\/\">aKademy<\/a> next year in <a target=\"_blank\" href=\"http:\/\/www.turismocoruna.com\/\">A Coru\u00f1a<\/a>. The intention was to show all the possibilities that our city and team have in order to organize such a great event to the community.<\/p>\n<p align=\"center\"><a target=\"_blank\" href=\"http:\/\/es.wikipedia.org\/wiki\/Imagen:Coruna_foto_baia_do_orzan.JPG\"><img decoding=\"async\" align=\"middle\" alt=\"Foto nocturna de la bah\u00eda del Orz\u00e1n desde el monte de San Pedro (Coru\u00f1a)\" title=\"Foto nocturna de la bah\u00eda del Orz\u00e1n desde el monte de San Pedro (Coru\u00f1a)\" src=\"http:\/\/upload.wikimedia.org\/wikipedia\/commons\/thumb\/a\/ae\/Coruna_foto_baia_do_orzan.JPG\/440px-Coruna_foto_baia_do_orzan.JPG\" \/><\/a><\/p>\n<p>The proposal&#8217;s main idea is:\u201d<strong>We want to organize a conference by community people for community people<\/strong>\u201c. Here, in A Coru\u00f1a, we have the facilities, a passionate team and a lot of ideas after attending several conferences and organizing lots of events (<a target=\"_blank\" href=\"http:\/\/www.dudesconf.org\/2008\/\">DudesConf 2008<\/a>, <a target=\"_blank\" href=\"http:\/\/2007.guademy.org\/\">GUAdemy 2007<\/a>, <a target=\"_blank\" href=\"http:\/\/2005.guadec.es\/\">Guadec-ES 2005<\/a>, &#8230;). We know how important the details are, as well as having second options in case the first one could eventually fail. The main goal is to invest a big effort in achieving that people can come here next year. Because of this, the main expense in our budget will go for helping people to attend the event through sponsoring as many people as possible. That will be feasible thanks to the contribution of the University and volunteers. They will provide, almost for free, all the basics needed to run these two conferences. Also, our regional government, <a target=\"_blank\" href=\"http:\/\/www.xunta.es\/\">Xunta de Galicia<\/a>, has an important commitment with this proposal and great confidence in our work at every level. So here it is the final proposal:<\/p>\n<ul>\n<li><a target=\"_blank\" href=\"http:\/\/blogs.igalia.com\/chema\/wp-content\/uploads\/2008\/06\/bid_guadec_akademy_coruna_2009.pdf\">GUADEC and aKademy proposal for 2009 in A Coru\u00f1a<\/a><\/li>\n<\/ul>\n<ul>\n<li><a target=\"_blank\" href=\"http:\/\/blogs.igalia.com\/chema\/wp-content\/uploads\/2008\/06\/xunta_galicia_guadec_akademy.pdf\">Xunta de Galicia Support to GUADEC and aKademy 2009 in A Coru\u00f1a<\/a><\/li>\n<\/ul>\n<ul>\n<li><a target=\"_blank\" href=\"http:\/\/blogs.igalia.com\/chema\/wp-content\/uploads\/2008\/06\/udc-support-guadec-akademy.pdf\">University of A Coru\u00f1a support to GUADEC and aKademy 2009 in A Coru\u00f1a<\/a><\/li>\n<\/ul>\n<ul>\n<li><a target=\"_blank\" href=\"http:\/\/blogs.igalia.com\/chema\/wp-content\/uploads\/2008\/06\/faculty_support_guadec_akademy.pdf\">Faculty Support to aKademy and GUADEC 2009 in A Coru\u00f1a<\/a><\/li>\n<\/ul>\n<p>BTW, if these events are finally going to be hold here, I will volunteer on them so I will be able to give you advices to visit this beautiful Galician city placed in the north-western coast of <a target=\"_blank\" href=\"http:\/\/www.spain.info\/\">Spain<\/a> \ud83d\ude42 .<\/p>\n","protected":false},"excerpt":{"rendered":"<p>As this will be my first post at planet GNOME, first I would like to thank Jeff for giving me a place between all of you, and I will introduce briefly myself. My name is Andres Gomez, I&#8217;ve been using &hellip; <a href=\"https:\/\/blog.andresgomez.org\/es\/2008\/06\/19\/a-coruna-proposed-to-hold-guadec-and-akademy-2009\/\">Sigue leyendo <span class=\"meta-nav\">&rarr;<\/span><\/a><\/p>\n","protected":false},"author":1,"featured_media":0,"comment_status":"open","ping_status":"open","sticky":false,"template":"","format":"standard","meta":{"footnotes":""},"categories":[4,6,7,8,9,12],"tags":[],"class_list":["post-70","post","type-post","status-publish","format-standard","hentry","category-english","category-free-software","category-general","category-gnome","category-igaliacom","category-planetigaliacom"],"_links":{"self":[{"href":"https:\/\/blog.andresgomez.org\/es\/wp-json\/wp\/v2\/posts\/70"}],"collection":[{"href":"https:\/\/blog.andresgomez.org\/es\/wp-json\/wp\/v2\/posts"}],"about":[{"href":"https:\/\/blog.andresgomez.org\/es\/wp-json\/wp\/v2\/types\/post"}],"author":[{"embeddable":true,"href":"https:\/\/blog.andresgomez.org\/es\/wp-json\/wp\/v2\/users\/1"}],"replies":[{"embeddable":true,"href":"https:\/\/blog.andresgomez.org\/es\/wp-json\/wp\/v2\/comments?post=70"}],"version-history":[{"count":2,"href":"https:\/\/blog.andresgomez.org\/es\/wp-json\/wp\/v2\/posts\/70\/revisions"}],"predecessor-version":[{"id":198,"href":"https:\/\/blog.andresgomez.org\/es\/wp-json\/wp\/v2\/posts\/70\/revisions\/198"}],"wp:attachment":[{"href":"https:\/\/blog.andresgomez.org\/es\/wp-json\/wp\/v2\/media?parent=70"}],"wp:term":[{"taxonomy":"category","embeddable":true,"href":"https:\/\/blog.andresgomez.org\/es\/wp-json\/wp\/v2\/categories?post=70"},{"taxonomy":"post_tag","embeddable":true,"href":"https:\/\/blog.andresgomez.org\/es\/wp-json\/wp\/v2\/tags?post=70"}],"curies":[{"name":"wp","href":"https:\/\/api.w.org\/{rel}","templated":true}]}}